{"id":60372,"date":"2025-09-29T11:52:15","date_gmt":"2025-09-29T09:52:15","guid":{"rendered":"https:\/\/www.fitlock.it\/news\/salone-internazionale-componenti-semilavorati-e-accessori-per-lindustria-del-mobile-2025\/"},"modified":"2025-09-29T12:49:04","modified_gmt":"2025-09-29T10:49:04","slug":"salon-internacional-de-componentes-semielaborados-y-accesorios-para-la-industria-del-mueble-2025","status":"publish","type":"post","link":"https:\/\/www.fitlock.it\/es\/news\/salon-internacional-de-componentes-semielaborados-y-accesorios-para-la-industria-del-mueble-2025\/","title":{"rendered":"Sal\u00f3n Internacional de Componentes, Semielaborados y Accesorios para la Industria del Mueble \u2013 2025"},"content":{"rendered":"<p>Del 14 al 17 de octubre tendr\u00e1 lugar la 16\u00aa edici\u00f3n del Sal\u00f3n Internacional de Componentes, Accesorios y Semielaborados para la Industria del Mueble. El evento en Pordenone crece cada a\u00f1o m\u00e1s.<\/p>\n<p>M\u00e1s de 18.000 metros cuadrados netos albergar\u00e1n a m\u00e1s de 650 expositores, listos para presentar materiales y soluciones in\u00e9ditas pensadas para anticipar las tendencias del sector y ofrecer una visi\u00f3n innovadora y competitiva, fundamental para afrontar mercados en continua evoluci\u00f3n.<\/p>\n<p><strong>Daureka est\u00e1 presente<\/strong>, con las <strong>novedades Fitlock<\/strong> que combinan <strong>dise\u00f1o y funcionalidad proyectual<\/strong>.<\/p>\n<p>Se presta especial atenci\u00f3n a las soluciones para el mundo del mobiliario, dise\u00f1adas para elevar la precisi\u00f3n y la eficiencia de las aplicaciones \u2014como en el caso del nuevo Pie Regulable, que responde a la necesidad de un nivelado cada vez m\u00e1s preciso.<\/p>\n<p>La visi\u00f3n Fitlock se abre a nuevos mercados, poniendo en di\u00e1logo sus sistemas con las emergentes necesidades habitacionales.<\/p>\n<p><strong><em>Less is more<\/em><\/strong> no es solo un claim, sino un enfoque concreto para interpretar el presente y anticipar el futuro.<\/p>\n<p><strong>Les esperamos en Pordenone del 14 al 17 de octubre, Pabell\u00f3n 5 B31<\/strong><\/p>\n","protected":false},"excerpt":{"rendered":"<p>Del 14 al 17 de octubre tendr\u00e1 lugar la 16\u00aa edici\u00f3n del Sal\u00f3n Internacional de Componentes, Accesorios y Semielaborados para la Industria del Mueble. El evento en Pordenone crece cada a\u00f1o m\u00e1s. M\u00e1s de 18.000 metros cuadrados netos albergar\u00e1n a m\u00e1s de 650 expositores, listos para presentar materiales y soluciones in\u00e9ditas pensadas para anticipar las [&hellip;]<\/p>\n","protected":false},"author":1,"featured_media":60377,"comment_status":"closed","ping_status":"closed","sticky":false,"template":"","format":"standard","meta":{"_acf_changed":false,"inline_featured_image":false,"footnotes":""},"categories":[46,62],"tags":[],"class_list":["post-60372","post","type-post","status-publish","format-standard","has-post-thumbnail","hentry","category-news","category-ferias"],"acf":[],"_links":{"self":[{"href":"https:\/\/www.fitlock.it\/es\/wp-json\/wp\/v2\/posts\/60372","targetHints":{"allow":["GET"]}}],"collection":[{"href":"https:\/\/www.fitlock.it\/es\/wp-json\/wp\/v2\/posts"}],"about":[{"href":"https:\/\/www.fitlock.it\/es\/wp-json\/wp\/v2\/types\/post"}],"author":[{"embeddable":true,"href":"https:\/\/www.fitlock.it\/es\/wp-json\/wp\/v2\/users\/1"}],"replies":[{"embeddable":true,"href":"https:\/\/www.fitlock.it\/es\/wp-json\/wp\/v2\/comments?post=60372"}],"version-history":[{"count":3,"href":"https:\/\/www.fitlock.it\/es\/wp-json\/wp\/v2\/posts\/60372\/revisions"}],"predecessor-version":[{"id":60388,"href":"https:\/\/www.fitlock.it\/es\/wp-json\/wp\/v2\/posts\/60372\/revisions\/60388"}],"wp:featuredmedia":[{"embeddable":true,"href":"https:\/\/www.fitlock.it\/es\/wp-json\/wp\/v2\/media\/60377"}],"wp:attachment":[{"href":"https:\/\/www.fitlock.it\/es\/wp-json\/wp\/v2\/media?parent=60372"}],"wp:term":[{"taxonomy":"category","embeddable":true,"href":"https:\/\/www.fitlock.it\/es\/wp-json\/wp\/v2\/categories?post=60372"},{"taxonomy":"post_tag","embeddable":true,"href":"https:\/\/www.fitlock.it\/es\/wp-json\/wp\/v2\/tags?post=60372"}],"curies":[{"name":"wp","href":"https:\/\/api.w.org\/{rel}","templated":true}]}}